{"id":1972,"date":"2017-03-02T07:32:34","date_gmt":"2017-03-02T13:32:34","guid":{"rendered":"http:\/\/inmoban.imagenconsulting.com\/?p=1972\/"},"modified":"2017-04-17T05:51:26","modified_gmt":"2017-04-17T11:51:26","slug":"san-pedro-de-alcantara","status":"publish","type":"post","link":"https:\/\/www.inmoban.es\/fr\/san-pedro-de-alcantara\/","title":{"rendered":"San Pedro de Alc\u00e1ntara"},"content":{"rendered":"<p>San Pedro Alc\u00e1ntara est situ\u00e9 \u00e0 Vega de San Pedro Alc\u00e1ntara, dans une large bande c\u00f4ti\u00e8re d\u00e9limit\u00e9e par un demi-cercle de collines bris\u00e9es qui l&rsquo;entourent. Est de la Sierra Blanca Marbella, avec son plus haut sommet Lastonar (1270 m) d&rsquo;altitude. Plus au nord de la Sierra Real ou Real del Duque; La Sierra Palmitera apr\u00e8s quoi les sommets de la Sierra de Las Nieves et Tolox Overlook. Ouest Monte Mayor, et enfin la fermeture de la ligne de montagne Sierra Bermeja.<\/p>\n<p>Ils courent sur les pentes de ces montagnes et pieds trois rivi\u00e8res Guadalmina, Guadaiza et Guadalmansa, et plusieurs cours d&rsquo;eau qui permettent d&rsquo;\u00e9conomiser un grand \u00e9cart dans quelques kilom\u00e8tres.<\/p>\n<p>La limite sud est la tr\u00e8s Costa del Sol, qui se compose d&rsquo;une succession de plages, \u00e0 partir de Puerto Banus, San Pedro Alc\u00e1ntara et enfin Guadalmina. Toutes ces plages sont parfaitement entretenus, apr\u00e8s avoir \u00e9t\u00e9 \u00e0 San Pedro Alc\u00e1ntara-Guadalmina (4900 m), avec sa nouvelle promenade paysag\u00e9e, re\u00e7u le drapeau bleu depuis 1993.<\/p>\n","protected":false},"excerpt":{"rendered":"<p>San Pedro Alc\u00e1ntara est situ\u00e9 \u00e0 Vega de San Pedro Alc\u00e1ntara, dans une large bande c\u00f4ti\u00e8re d\u00e9limit\u00e9e par un demi-cercle de collines bris\u00e9es qui l&rsquo;entourent. Est de la Sierra Blanca Marbella, avec son plus haut sommet Lastonar (1270 m) d&rsquo;altitude. Plus au nord de la Sierra Real ou Real del Duque; La Sierra Palmitera apr\u00e8s [&hellip;]<\/p>\n","protected":false},"author":1,"featured_media":1968,"comment_status":"closed","ping_status":"closed","sticky":false,"template":"","format":"standard","meta":{"footnotes":""},"categories":[65],"tags":[],"aioseo_notices":[],"_links":{"self":[{"href":"https:\/\/www.inmoban.es\/fr\/wp-json\/wp\/v2\/posts\/1972"}],"collection":[{"href":"https:\/\/www.inmoban.es\/fr\/wp-json\/wp\/v2\/posts"}],"about":[{"href":"https:\/\/www.inmoban.es\/fr\/wp-json\/wp\/v2\/types\/post"}],"author":[{"embeddable":true,"href":"https:\/\/www.inmoban.es\/fr\/wp-json\/wp\/v2\/users\/1"}],"replies":[{"embeddable":true,"href":"https:\/\/www.inmoban.es\/fr\/wp-json\/wp\/v2\/comments?post=1972"}],"version-history":[{"count":2,"href":"https:\/\/www.inmoban.es\/fr\/wp-json\/wp\/v2\/posts\/1972\/revisions"}],"predecessor-version":[{"id":2255,"href":"https:\/\/www.inmoban.es\/fr\/wp-json\/wp\/v2\/posts\/1972\/revisions\/2255"}],"wp:featuredmedia":[{"embeddable":true,"href":"https:\/\/www.inmoban.es\/fr\/wp-json\/wp\/v2\/media\/1968"}],"wp:attachment":[{"href":"https:\/\/www.inmoban.es\/fr\/wp-json\/wp\/v2\/media?parent=1972"}],"wp:term":[{"taxonomy":"category","embeddable":true,"href":"https:\/\/www.inmoban.es\/fr\/wp-json\/wp\/v2\/categories?post=1972"},{"taxonomy":"post_tag","embeddable":true,"href":"https:\/\/www.inmoban.es\/fr\/wp-json\/wp\/v2\/tags?post=1972"}],"curies":[{"name":"wp","href":"https:\/\/api.w.org\/{rel}","templated":true}]}}